{"id":115672,"date":"2011-07-01T16:58:00","date_gmt":"2011-07-01T14:58:00","guid":{"rendered":"https:\/\/asdhom.org\/?p=115672"},"modified":"2023-01-06T17:00:16","modified_gmt":"2023-01-06T16:00:16","slug":"invitation-a-une-conference-de-presse-relative-au-referendum-sur-la-nouvelle-constitution-au-maroc","status":"publish","type":"post","link":"https:\/\/asdhom.org\/?p=115672","title":{"rendered":"Invitation \u00e0 une conf\u00e9rence de presse relative au r\u00e9f\u00e9rendum sur la nouvelle Constitution au Maroc\u00a0"},"content":{"rendered":"\n<p><\/p>\n\n\n\n<p>Madame, Monsieur,<\/p>\n\n\n\n<p>Le Maroc connait depuis le 20 f\u00e9vrier des manifestations et des rassemblements \u00e0 l\u2019appel du mouvement du 20 f\u00e9vrier qui r\u00e9clame de vrais changements d\u00e9mocratiques.<\/p>\n\n\n\n<p>En France, plusieurs citoyen(ne)s d\u2019origine marocaine ont mis en place des comit\u00e9s de soutien qui s\u2019inscrivent dans la dynamique enclench\u00e9e au Maroc par le mouvement du 20 f\u00e9vrier.<\/p>\n\n\n\n<p>Le Mouvement Marocain du 20 f\u00e9vrier Paris\/Ile-de-France a appel\u00e9, d\u00e8s le 20 f\u00e9vrier dernier, \u00e0 plusieurs rassemblements devant l\u2019ambassade du Maroc en France pour porter les revendications du mouvement.&nbsp;<\/p>\n\n\n\n<p>Les vid\u00e9os post\u00e9es sur la toile et les informations que nous recevons depuis le Maroc montrent la violence et les interventions brutales dont ont fait usage les forces de l\u2019ordre \u00e0 l\u2019encontre des manifestant(e)s au Maroc. Les jeunes karim Chaeib de S\u00e9frou, Kamal El Ammari de Safi et les cinq citoyens d\u2019El Hoceima, morts dans des conditions non encore \u00e9lucid\u00e9es, ont pay\u00e9 de leurs vies cette approche r\u00e9pressive des autorit\u00e9s marocaines.&nbsp;<\/p>\n\n\n\n<p>Plusieurs arrestations ont \u00e9t\u00e9 op\u00e9r\u00e9es parmi les manifestant(e)s du mouvement du 20 f\u00e9vrier et des condamnations, allant jusqu\u2019\u00e0 dix ans de prison ferme, ont \u00e9t\u00e9 prononc\u00e9es.<\/p>\n\n\n\n<p>Dans son discours du vendredi 17 juin, le roi du Maroc a annonc\u00e9 la tenue d\u2019un <strong>r\u00e9f\u00e9rendum le 1<sup>er<\/sup> juillet 2011 qui portera sur la nouvelle Constitution<\/strong>, pr\u00e9par\u00e9e par la commission ad-hoc qu\u2019il a lui-m\u00eame nomm\u00e9e apr\u00e8s son discours du 9 mars. Evidemment, il n\u2019a pas h\u00e9sit\u00e9 \u00e0 appeler \u00e0 voter \u00ab oui \u00bb lors de ce r\u00e9f\u00e9rendum et ce, en totale contradiction avec son \u00ab r\u00f4le d\u2019arbitre \u00bb qu\u2019il veut s\u2019assigner.&nbsp;<\/p>\n\n\n\n<p>Le mouvement du 20 f\u00e9vrier au Maroc avait d\u00e9j\u00e0 exprim\u00e9 d\u00e8s le lendemain du premier discours, \u00e0 travers des manifestations, son refus de la r\u00e9ponse de l\u2019Etat marocain. Il consid\u00e8re que celle-ci est en de\u00e7\u00e0 de ses attentes, tant sur la forme que sur le fond. La nouvelle constitution propos\u00e9e au r\u00e9f\u00e9rendum ne r\u00e9pond pas aux vraies revendications du mouvement. Elle n\u2019\u00e9mane pas du peuple marocain et elle consacre, comme les pr\u00e9c\u00e9dentes, la concentration des pouvoirs entre les mains du roi. Elle ne rompt pas avec la logique des constitutions octroy\u00e9es par le pass\u00e9 et qui l\u00e9gitiment l\u2019absolutisme et le despotisme. Le temps r\u00e9duit allou\u00e9 \u00e0 la pr\u00e9paration et la fa\u00e7on dont a \u00e9t\u00e9 conduite la consultation montrent bien la volont\u00e9 du r\u00e9gime de confisquer le d\u00e9bat d\u00e9mocratique.<\/p>\n\n\n\n<p>En envoyant ses bras (baltajias) pour intimider et r\u00e9primer les manifestants le 19 juin, le r\u00e9gime a montr\u00e9 qu\u2019il est pr\u00eat \u00e0 tout pour imposer la nouvelle Constitution. Sa machine m\u00e9diatique est mise en branle pour broyer et \u00e9touffer toute voix dissonante.<\/p>\n\n\n\n<p>Le Mouvement Marocain du 20 f\u00e9vrier Paris\/Ile-de-France refuse et condamne ces man\u0153uvres. Il consid\u00e8re que seul <strong>le boycott du r\u00e9f\u00e9rendum du 1<sup>er<\/sup> juillet<\/strong> est \u00e0 m\u00eame de faire comprendre au r\u00e9gime que le peuple marocain ne peut rester \u00e0 la marge des peuples de la r\u00e9gion qui ont entam\u00e9 leur marche vers la libert\u00e9, la dignit\u00e9 et la d\u00e9mocratie.<\/p>\n\n\n\n<p>Pour vous pr\u00e9senter ces actions et <strong>vous faire part des raisons qui le poussent \u00e0 appeler \u00e0 boycotter le r\u00e9f\u00e9rendum<\/strong>, le Mouvement Marocain du 20 f\u00e9vrier Paris\/Ile-de-France vous invite \u00e0 <strong>une conf\u00e9rence de presse qui aura lieu le vendredi 1<sup>er<\/sup> juillet \u00e0 11h \u00e0<\/strong> :<\/p>\n\n\n\n<p><strong>La bourse du travail de Paris<\/strong><\/p>\n\n\n\n<p><strong>Salle Fernand PELLOUTIER<\/strong><\/p>\n\n\n\n<p><strong>3, rue Ch\u00e2teau d\u2019eau<\/strong><\/p>\n\n\n\n<p><strong>75010 Paris<\/strong><\/p>\n\n\n\n<p><strong>M\u00e9tro : R\u00e9publique<\/strong><\/p>\n\n\n\n<p>PS : Un dossier de presse vous sera remis sur place pour vous fournir toutes les donn\u00e9es relatives au mouvement du 20 f\u00e9vrier<\/p>\n\n\n\n<p>Organisations soutenant les actions du comit\u00e9: <strong>AMF, ASDHOM, ATMF, FMVJ-France, Amis AMDH-Paris, APADM, FSCME, RIAS, Voie D\u00e9mocratique, PSU, PADS<\/strong>, <strong>CAPDEMA, Cris des Marocains, TAMAYNUT, Collectif des Amazighs de France pour le Changement D\u00e9mocratique au Maroc, MRE-International, PCF, URIF-CGT, SNES, FSU-IDF, NPA, PIR, Forum Palestine Citoyennet\u00e9, PG, Manifeste des Libert\u00e9s.<\/strong><\/p>\n","protected":false},"excerpt":{"rendered":"<p>Madame, Monsieur, Le Maroc connait depuis le 20 f\u00e9vrier des manifestations et des rassemblements \u00e0 l\u2019appel du mouvement du 20 f\u00e9vrier qui r\u00e9clame de vrais changements d\u00e9mocratiques. En France, plusieurs citoyen(ne)s d\u2019origine marocaine ont mis en place des comit\u00e9s de soutien qui s\u2019inscrivent dans la dynamique enclench\u00e9e au Maroc par le mouvement du 20 f\u00e9vrier. [&hellip;]<\/p>\n","protected":false},"author":29,"featured_media":115673,"comment_status":"open","ping_status":"open","sticky":false,"template":"","format":"standard","meta":{"footnotes":""},"categories":[3,5],"tags":[],"_links":{"self":[{"href":"https:\/\/asdhom.org\/index.php?rest_route=\/wp\/v2\/posts\/115672"}],"collection":[{"href":"https:\/\/asdhom.org\/index.php?rest_route=\/wp\/v2\/posts"}],"about":[{"href":"https:\/\/asdhom.org\/index.php?rest_route=\/wp\/v2\/types\/post"}],"author":[{"embeddable":true,"href":"https:\/\/asdhom.org\/index.php?rest_route=\/wp\/v2\/users\/29"}],"replies":[{"embeddable":true,"href":"https:\/\/asdhom.org\/index.php?rest_route=%2Fwp%2Fv2%2Fcomments&post=115672"}],"version-history":[{"count":1,"href":"https:\/\/asdhom.org\/index.php?rest_route=\/wp\/v2\/posts\/115672\/revisions"}],"predecessor-version":[{"id":115674,"href":"https:\/\/asdhom.org\/index.php?rest_route=\/wp\/v2\/posts\/115672\/revisions\/115674"}],"wp:featuredmedia":[{"embeddable":true,"href":"https:\/\/asdhom.org\/index.php?rest_route=\/wp\/v2\/media\/115673"}],"wp:attachment":[{"href":"https:\/\/asdhom.org\/index.php?rest_route=%2Fwp%2Fv2%2Fmedia&parent=115672"}],"wp:term":[{"taxonomy":"category","embeddable":true,"href":"https:\/\/asdhom.org\/index.php?rest_route=%2Fwp%2Fv2%2Fcategories&post=115672"},{"taxonomy":"post_tag","embeddable":true,"href":"https:\/\/asdhom.org\/index.php?rest_route=%2Fwp%2Fv2%2Ftags&post=115672"}],"curies":[{"name":"wp","href":"https:\/\/api.w.org\/{rel}","templated":true}]}}