{"id":116500,"date":"2020-10-29T17:31:00","date_gmt":"2020-10-29T16:31:00","guid":{"rendered":"https:\/\/asdhom.org\/?p=116500"},"modified":"2023-01-17T19:02:14","modified_gmt":"2023-01-17T18:02:14","slug":"intervention-de-la-famille-de-mehdi-ben-barka","status":"publish","type":"post","link":"https:\/\/asdhom.org\/?p=116500","title":{"rendered":"INTERVENTION DE LA FAMILLE DE MEHDI BEN BARKA"},"content":{"rendered":"\n<p>29 OCTOBRE 2020<\/p>\n\n\n\n<p><\/p>\n\n\n\n<p>Chers amis, mesdames et messieurs<\/p>\n\n\n\n<p>Bienvenue \u00e0 toutes celles et \u00e0 tous ceux qui nous suivent dans ce live \u00e0 travers les r\u00e9seaux sociaux organis\u00e9 par le Collectif pour le centenaire de la naissance de Mehdi Ben Barka et qui ont r\u00e9pondu \u00e0 l\u2019appel du SNES-FSU et de l\u2019Institut Mehdi Ben Barka-M\u00e9moire vivante. Comme les ann\u00e9es pr\u00e9c\u00e9dentes, cet appel, a re\u00e7u l\u2019appui de plus de quarante associations et organisations qui ont toujours \u00e9t\u00e9 pr\u00e9sentes \u00e0 nos c\u00f4t\u00e9s et plus particuli\u00e8rement \u00e0 l\u2019occasion de ce 55<sup>\u00e8me<\/sup> anniversaire de l\u2019enl\u00e8vement et de la disparition de Mehdi Ben Barka. Je les en remercie<\/p>\n\n\n\n<p>Cette comm\u00e9moration se d\u00e9roule cette ann\u00e9e dans des conditions tr\u00e8s particuli\u00e8res.<\/p>\n\n\n\n<p>Nous ne sommes pas r\u00e9unis, comme chaque ann\u00e9e depuis pr\u00e8s de trente-cinq ans, devant la brasserie Lipp, l\u00e0 o\u00f9 mon p\u00e8re a \u00e9t\u00e9 interpel\u00e9 par deux policiers fran\u00e7ais et o\u00f9 sa trace dispara\u00eet. Ce rassemblement num\u00e9rique, s\u2019il r\u00e9unit plus de personnes, ne peut pas remplacer la chaleur du contact physique, de la rencontre fraternelle entre amis et camarades qui se donnent rendez-vous ann\u00e9e apr\u00e8s ann\u00e9e en ce lieu de m\u00e9moire et de ressourcement pour poursuivre le combat pour la v\u00e9rit\u00e9 et la justice, contre l\u2019impunit\u00e9 et l\u2019oubli.<\/p>\n\n\n\n<p>La n\u00e9cessit\u00e9 de ce rendez-vous est non seulement un devoir de m\u00e9moire, une exigence de v\u00e9rit\u00e9, une volont\u00e9 de justice&nbsp;; c\u2019est \u00e9galement, comme l\u2019a rappel\u00e9 Abedellatif La\u00e2bi dans un beau texte intitul\u00e9 \u00ab&nbsp;Gloire \u00e0 Mehdi Ben Barka&nbsp;\u00bb que je vous invite \u00e0 lire et signer pour emp\u00eacher les assassins de la m\u00e9moire d\u2019achever leur oeuvre&nbsp;: \u00ab&nbsp;<em>Malgr\u00e9 l\u2019amn\u00e9sie organis\u00e9e autour de sa m\u00e9moire par tous ceux qui ont tremp\u00e9 dans son assassinat (rabatteurs, ex\u00e9cutants, commanditaires), la flamme li\u00e9e au nom de Mehdi Ben Barka n\u2019est pas pr\u00e8s de s\u2019\u00e9teindre. Elle continue \u00e0 \u00e9clairer le chemin de beaucoup de peuples qui se battent encore pour que triomphe le r\u00eave de libert\u00e9 et de justice que cet homme a d\u00e9fendu sans rel\u00e2che, jusqu\u2019au sacrifice supr\u00eame.<\/em>&nbsp;\u00bb.&nbsp;<\/p>\n\n\n\n<p>En effet, l\u2019h\u00e9ritage de Mehdi Ben Barka est bien pr\u00e9sent \u00e0 travers le temps et l\u2019espace. Aujourd\u2019hui, sur tous les continents, des peuples sont dans la rue&nbsp;d\u00e9non\u00e7ant pr\u00e9cis\u00e9ment ce que Mehdi Ben Barka d\u00e9non\u00e7ait : la confiscation des ind\u00e9pendances nationales, ainsi que les spoliations des b\u00e9n\u00e9fices \u00e9conomiques r\u00e9sultant des ind\u00e9pendances nationales pour les peuples concern\u00e9s. Ces peuples revendiquent&nbsp;largement ce qui, pour Ben Barka, faisait partie des \u00ab&nbsp;\u00e9mancipations&nbsp;\u00bb politiques, sociales, \u00e9conomiques.<\/p>\n\n\n\n<p>Parmi ces \u00e9mancipations, l\u2019\u00e9ducation et le savoir pour le plus grand nombre, que va d\u00e9velopper dans sa conf\u00e9rence Hayat Berrada-Bousta.<\/p>\n\n\n\n<p>Mes cher(\u00e8re)s ami(e)s,<\/p>\n\n\n\n<p>Le 29 octobre a \u00e9t\u00e9 d\u00e9cr\u00e9t\u00e9 \u00ab&nbsp;journ\u00e9e du disparu&nbsp;\u00bb par toutes les associations de Droits Humains au Maroc et par l\u2019ensemble des familles des victimes de disparition forc\u00e9e et leurs associations. Le choix de cette date a \u00e9t\u00e9 fait en hommage \u00e0 Mehdi Ben Barka, le plus embl\u00e9matique des disparus, pour comm\u00e9morer son enl\u00e8vement et son assassinat \u00e0 Paris en 1965 et y associer l\u2019enl\u00e8vement \u00e0 Tunis de Houcine El Manouzi en 1972. Cette date a \u00e9t\u00e9 retenue pour que la symbolique de la disparition de Mehdi Ben Barka serve de point d\u2019appui pour d\u00e9noncer le ph\u00e9nom\u00e8ne de la disparition forc\u00e9e encore pr\u00e9sent au Maroc, pour soutenir le combat des familles des victimes pour conna\u00eetre la v\u00e9rit\u00e9 sur le sort de leurs proches et exiger la fin de l\u2019impunit\u00e9 des responsables des violations des droits humains.&nbsp;<\/p>\n\n\n\n<p>En effet, tr\u00e8s souvent, ce sont les familles de victimes et leurs associations qui ont port\u00e9 seules le combat contre l\u2019oubli et contre la volont\u00e9 de l\u2019Etat marocain de tourner d\u00e9finitivement la page des ann\u00e9es de plomb sans r\u00e9pondre \u00e0 notre droit l\u00e9gitime de v\u00e9rit\u00e9 et de justice. Aussi, toute avanc\u00e9e dans un quelconque dossier de la disparition forc\u00e9e est une victoire pour toutes les familles et constitue le meilleur moyen de faire reculer le r\u00e9gime.&nbsp;<\/p>\n\n\n\n<p>Comme chaque ann\u00e9e, pour c\u00e9l\u00e9brer cette \u00ab&nbsp;journ\u00e9e du disparu&nbsp;\u00bb, s\u2019est tenu \u00e0 Rabat aujourd\u2019hui en fin d\u2019apr\u00e8s-midi un rassemblement organis\u00e9 par le comit\u00e9 de suivi du symposium sur les violations graves des droits humains et constitu\u00e9 par l\u2019ensemble du mouvement des droits humains marocains.<\/p>\n\n\n\n<p>La coordination des familles de disparus et des victimes de disparition forc\u00e9e au Maroc r\u00e9unie au sein du Forum Marocain pour la V\u00e9rit\u00e9 et la Justice s\u2019est associ\u00e9e aux actions organis\u00e9es \u00e0 cette occasion en insistant sur la n\u00e9cessit\u00e9 de la mise sur pied d\u2019une \u00ab&nbsp;commission nationale pour l\u2019\u00e9tablissement de toute la v\u00e9rit\u00e9&nbsp;\u00bb \u00e0 propos des disparitions forc\u00e9es.<\/p>\n\n\n\n<p>Ce combat des familles des victimes de disparition forc\u00e9e s\u2019inscrit dans celui de l\u2019ensemble des forces sociales contre la d\u00e9gradation de la situation \u00e9conomique et sociale aggrav\u00e9e par la pand\u00e9mie de la covid-19 qui touche plus particuli\u00e8rement les plus d\u00e9munis. C\u2019est dans ce contexte que le r\u00e9gime attaque de la mani\u00e8re la plus cynique les militants des droits humains et les journalistes qui relaient aupr\u00e8s de l\u2019opinion la situation r\u00e9elle politique et sociale avec une libert\u00e9 de ton qui d\u00e9pla\u00eet.<\/p>\n\n\n\n<p>Les accusations, les inculpations, les d\u00e9tentions arbitraires, les proc\u00e8s en cours ou en pr\u00e9paration se multiplient. Derniers exemples, les journalistes Soulaiman Raissouni et Omar Radi ou le militant des Droits humains et d\u00e9fenseur de la libert\u00e9 de la presse et d\u2019expression Ma\u00e2ti Monjib. Les autorit\u00e9s s\u00e9curitaires qui semblent accaparer le v\u00e9ritable pouvoir n\u2019osent plus attaquer de front ces militants pour leur opinion ou leur prise de position et leur libert\u00e9 de parole, mais les poursuivent sur le terrain du droit commun et plus particuli\u00e8rement celui des m\u0153urs, montant des affaires de toutes pi\u00e8ces, dans un climat de d\u00e9nigrement, de diffamation et d\u2019attaques orchestr\u00e9s par les services de renseignements \u00e0 travers des sites qui leur sont acquis. Cette d\u00e9gradation de la situation des droits humains est inqui\u00e9tante et suscite indignation et condamnation.<\/p>\n\n\n\n<p>Par le pass\u00e9, nous avons montr\u00e9 qu\u2019une forte mobilisation pouvait faire reculer le pouvoir marocain. Aujourd\u2019hui encore, il est n\u00e9cessaire d\u2019exprimer notre solidarit\u00e9 avec l\u2019ensemble du mouvement des Droits Humains marocain, de ses militants et de tous les acteurs et les d\u00e9fenseurs de la libert\u00e9 d\u2019expression, pour faire \u00e9chec \u00e0 une politique marqu\u00e9e par le poids de plus en plus pr\u00e9pond\u00e9rant des s\u00e9curitaires.<\/p>\n\n\n\n<p>Comme les ann\u00e9es pr\u00e9c\u00e9dentes, en ce 55\u00e8me anniversaire de l\u2019enl\u00e8vement et de la disparition de Mehdi Ben Barka, permettez-moi de vous rappeler ce qui nous r\u00e9unit&nbsp;:<\/p>\n\n\n\n<ul>\n<li>Poursuivre le combat pour la v\u00e9rit\u00e9 et la justice&nbsp;pour toutes les victimes de la disparition forc\u00e9e, pour soutenir les actions men\u00e9es par les familles pour conna\u00eetre enfin le sort de leurs proches et mettre fin \u00e0 toutes les formes d\u2019impunit\u00e9&nbsp;;<\/li>\n<\/ul>\n\n\n\n<p>&#8211; Exiger avec force&nbsp;que toute la lumi\u00e8re soit faite sur l\u2019enl\u00e8vement et la disparition de Mehdi Ben Barka, ses assassins identifi\u00e9s, sa s\u00e9pulture localis\u00e9e et que toutes les responsabilit\u00e9s soient \u00e9tablies, qu\u2019elles soient \u00e9tatiques ou individuelles&nbsp;;<\/p>\n\n\n\n<p>&#8211; D\u00e9noncer la complicit\u00e9 des deux \u00e9tats marocain et fran\u00e7ais qui continuent \u00e0 user et abuser de la notion de raison d\u2019Etats et des secrets qui l\u2019accompagnent. En faisant ainsi obstacle \u00e0 l\u2019action de la justice et bafouant le droit de ma famille \u00e0 toute la v\u00e9rit\u00e9, ils continuent plus d\u2019un demi-si\u00e8cle apr\u00e8s les faits \u00e0 prot\u00e9ger les auteurs et les complices de ce crime odieux.<\/p>\n\n\n\n<p>Cette ann\u00e9e encore, ces mots d\u2019ordre sont d\u2019actualit\u00e9. En effet l\u2019\u00e9tat du dossier judiciaire n\u2019a pas \u00e9volu\u00e9, ou tr\u00e8s peu.<\/p>\n\n\n\n<p>Au Maroc, depuis 2003, aucune Commission Rogatoire Internationale (CRI) des juges fran\u00e7ais n\u2019est ex\u00e9cut\u00e9e, malgr\u00e9 leur renouvellement en 2005 et la relance du juge Paquaux en 2018. F\u00e9vrier dernier, une requ\u00eate \u00e9tait directement d\u00e9pos\u00e9e aupr\u00e8s des autorit\u00e9s marocaines comp\u00e9tentes en mati\u00e8re de CRI. Elles sont rest\u00e9es lettre morte.<\/p>\n\n\n\n<p>Aucune de nos demandes n\u2019a re\u00e7u d\u2019\u00e9cho favorable, comme par exemple&nbsp;faire des fouilles \u00e0 la prison secr\u00e8te du PF3 ou entendre les agents et anciens hauts responsables marocains encore vivants. Le cynisme des autorit\u00e9s y irait-il jusqu\u2019\u00e0 laisser tra\u00eener la proc\u00e9dure jusqu\u2019\u00e0 leur d\u00e9c\u00e8s&nbsp;? J\u2019ose encore esp\u00e9rer que ce n\u2019est pas le cas.<\/p>\n\n\n\n<p>En France, l\u2019acc\u00e8s aux archives est toujours bloqu\u00e9 au nom du secret-d\u00e9fense.<\/p>\n\n\n\n<p>Le feuilleton des documents saisis en 2010 au si\u00e8ge de la DGSE se poursuit.&nbsp;<\/p>\n\n\n\n<p>R\u00e9sum\u00e9 des \u00e9pisodes pr\u00e9c\u00e9dents&nbsp;: La perquisition en 2010 se fait en pr\u00e9sence du pr\u00e9sident de la Commission Consultative du Secret de D\u00e9fense Nationale (CCSDN). Le juge souhaitait saisir les dossiers concernant 78 personnes. Seuls 23 dossiers seront retenus par le pr\u00e9sident de la CCSDN. Au bout de deux jours, dans les dossiers consult\u00e9s, le pr\u00e9sident de la CCSDN garde 475 pages.<\/p>\n\n\n\n<p>De retour \u00e0 la r\u00e9union pl\u00e9ni\u00e8re de la commission&nbsp;: seulement 144 pages sont d\u00e9classifi\u00e9es, les autres sont consid\u00e9r\u00e9es comme \u00ab&nbsp;<em>n\u2019ayant pas de lien avec l\u2019affaire<\/em>&nbsp;\u00bb. N\u2019est-ce pas surprenant&nbsp;! Il nous semble \u00e9tonnant que le pr\u00e9sident de la Commission ait pu se tromper \u00e0 ce point sur les trois-quarts des documents saisis&nbsp;!&nbsp;<\/p>\n\n\n\n<p>C\u2019est pourquoi, en d\u00e9cembre 2017, M. Cyril Paquaux, l\u2019avant-dernier dernier juge en charge du dossier, a renouvel\u00e9 aupr\u00e8s de Mme Parly une demande de soumettre \u00e0 nouveau les documents classifi\u00e9s \u00e0 la CSDN. 20 mois apr\u00e8s, malgr\u00e9 une argumentation \u00e9labor\u00e9e du juge d\u2019instruction, sans m\u00eame daigner recevoir la partie civile, le minist\u00e8re des Arm\u00e9es, juge et partie, refuse que la d\u00e9classification de 300 pages saisies \u00e0 la DGSE en 2010 soit r\u00e9-\u00e9tudi\u00e9e, sans m\u00eame \u00e9voquer les 55 dossiers qui ont \u00e9t\u00e9 n\u00e9glig\u00e9s par le pr\u00e9sident de la ccsdn lors de la perquisition&nbsp;<\/p>\n\n\n\n<p>Ma famille, notre avocat maitre Maurice Buttin et le Comit\u00e9 pour la v\u00e9rit\u00e9 dans l\u2019enl\u00e8vement et la disparition de Mehdi Ben Barka \u00e9crivent \u00e9galement au Pr\u00e9sident. Il nous envoie vers le minist\u00e8re des affaires \u00e9trang\u00e8res, comme l\u2019avait fait l\u2019un de ses pr\u00e9d\u00e9cesseurs, le Pr\u00e9sident Sarkozy. Rencontre bien s\u00fbr sans r\u00e9sultat.<\/p>\n\n\n\n<p>En d\u00e9sespoir de cause Me Buttin \u00e9crit \u00e0 Mme Macron. Elle transmet son courrier au premier ministre d\u2019alors M. Philippe. Son chef de cabinet militaire, g\u00e9n\u00e9ral de son \u00e9tat r\u00e9pond \u00e0 Me Buttin&nbsp;:&nbsp;<\/p>\n\n\n\n<p><em>\u00ab&nbsp;Je vous informe en premier lieu <\/em><strong>[ce g\u00e9n\u00e9ral informe Me Buttin, avocat de ma famille depuis 55 ans&nbsp;!!!] <\/strong><em>qu\u2019une information judiciaire contre X des chefs d\u2019homicide est toujours en cours. <\/em>(!) <em>Je vous invite en cons\u00e9quence, \u00e0 vous tourner vers le magistrat instructeur pour compl\u00e9ment d\u2019information&nbsp;\u00bb. <\/em>(!)<em> Je vous informe, en second lieu que le pouvoir ex\u00e9cutif a toujours pleinement coop\u00e9r\u00e9 avec l\u2019autorit\u00e9 judiciaire dans ce dossier (\u2026).&nbsp;\u00bb<\/em><\/p>\n\n\n\n<p>Quelle ignorance du refus quasi permanent du pouvoir ex\u00e9cutif de r\u00e9pondre favorablement aux demandes des diff\u00e9rents juges d\u2019instruction Nous sommes au c\u0153ur de la probl\u00e9matique du secret-d\u00e9fense en France.<\/p>\n\n\n\n<p>Il suffit \u00e0 l\u2019Etat d\u2019invoquer le secret de la d\u00e9fense nationale au nom de la raison d\u2019Etat, pour que le justiciable qui r\u00e9clame son droit se voit totalement d\u00e9muni et d\u00e9pendant du bon vouloir du prince comme du temps de l\u2019ancien r\u00e9gime.<\/p>\n\n\n\n<p>Me Buttin a sign\u00e9 une tribune relatant ces faits en juin dernier dans M\u00e9diapart. Il l\u2019a intitul\u00e9e \u00ab&nbsp;le m\u00e9pris du pouvoir&nbsp;\u00bb et l\u2019a conclue par \u00ab&nbsp;<strong>En bref, il y a ceux qui savent, mais refusent de le faire savoir au commun des mortels.&nbsp;\u00bb<\/strong><\/p>\n\n\n\n<p>Nous sommes r\u00e9volt\u00e9s par un tel m\u00e9pris \u00e0 l\u2019\u00e9gard de familles et d\u2019amis de victimes qui attendent de l\u2019Etat un minimum d\u2019\u00e9coute et de compassion. Nous sommes r\u00e9volt\u00e9s par un tel m\u00e9pris \u00e0 l\u2019\u00e9gard de familles et d\u2019amis de victimes qui attendent de l\u2019Etat un minimum d\u2019\u00e9coute et de compassion.<\/p>\n\n\n\n<p>C\u2019est une situation indigne d\u2019un \u00e9tat de droit qu\u2019on retrouve dans les 16 affaires regroup\u00e9es dans le Collectif \u00ab&nbsp;secret-d\u00e9fense, un enjeu d\u00e9mocratique&nbsp;\u00bb.<\/p>\n\n\n\n<p>Si une avanc\u00e9e a \u00e9t\u00e9 r\u00e9alis\u00e9e dans l\u2019acc\u00e8s \u00e0 des archives class\u00e9es secret-d\u00e9fense sur le Rwanda, le blocage est constant dans les 15 autres affaires.<\/p>\n\n\n\n<p>Le mois dernier, une nouvelle juge (la 11<sup>\u00e8me<\/sup>) a pris en charge l\u2019instruction de la plainte de ma famille qui date d\u2019octobre 1975, il y a maintenant 45 ans.&nbsp;<\/p>\n\n\n\n<p>Cher(\u00e8re)s ami(e)s,<\/p>\n\n\n\n<p>L\u2019ann\u00e9e 2020 marque le centi\u00e8me anniversaire de la naissance de Mehdi Ben Barka. Ce sera une occasion de revenir sur sa vie et son h\u00e9ritage politique. Penseur et homme d\u00b4action, il a men\u00e9 un combat pour une soci\u00e9t\u00e9 d&rsquo;hommes et de femmes \u00e9gaux et libres, refusant tout compromis lorsqu&rsquo;il s&rsquo;agissait de d\u00e9fendre la cause des plus d\u00e9munis et de promouvoir les conditions pour plus de justice et plus de dignit\u00e9.&nbsp;<\/p>\n\n\n\n<p><strong>\u00ab&nbsp;<\/strong>Figure historique du mouvement nationaliste marocain sous le protectorat fran\u00e7ais et <em>personnage de r\u00e9f\u00e9rence de la gauche, il est <\/em>l\u2019un des hommes cl\u00e9s de <em>sa structuration politique. I<\/em>l \u00e9tait pr\u00e9sent sur tous les fronts de l\u2019engagement militant dans son pays, comme il \u00e9tait de tous les combats <em>contre le colonialisme, le n\u00e9o-colonialisme, l\u2019imp\u00e9rialisme et l&rsquo;apartheid. Il \u00e9tait pour un socialisme non align\u00e9, pour l\u2019unit\u00e9 du Maghreb et pour la solidarit\u00e9 entre les peuples du Tiers-monde<\/em>. Internationaliste, il a contribu\u00e9 \u00e0 faire conna\u00eetre la r\u00e9alit\u00e9 et les probl\u00e8mes des pays colonis\u00e9s et de ceux nouvellement ind\u00e9pendants.&nbsp;\u00bb<\/p>\n\n\n\n<p>C\u2019est un extrait de la tribune sign\u00e9e par les collectifs qui se sont constitu\u00e9s au Maroc, en Belgique et en France \u00e0 l\u2019occasion de cette ann\u00e9e du centenaire de la naissance de Mehdi BB.<\/p>\n\n\n\n<p>Ils regroupent des organisations d\u00e9mocratiques (Associations de Femmes et de Jeunesse, Organisations de d\u00e9fense des Droits Humains, Syndicats, Partis politiques) et des personnalit\u00e9s de la soci\u00e9t\u00e9 civile.<\/p>\n\n\n\n<p>Les actions qu\u2019ils ont initi\u00e9es, s\u00e9par\u00e9ment ou collectivement, l\u2019ont \u00e9t\u00e9 sous le mot d\u2019ordre commun&nbsp;: \u00ab&nbsp;Pour la v\u00e9rit\u00e9, la m\u00e9moire et la pens\u00e9e&nbsp;\u00bb.<\/p>\n\n\n\n<p>Ils <em>appellent \u00e0 la mobilisation de tous les d\u00e9mocrates pour exiger que toutes les entraves soient lev\u00e9es afin que les circonstances de la disparition de MBB soient \u00e9lucid\u00e9es et que les implications p\u00e9nales et politiques soient \u00e9tablies<\/em>.&nbsp;<\/p>\n\n\n\n<p>Solidaires avec ma famille et son avocat, Ma\u00eetre Maurice BUTTIN, <em>les collectifs apportent leur soutien au combat courageux et digne de toutes les familles des victimes des disparitions forc\u00e9es au Maroc, \u00e0 leurs actions pers\u00e9v\u00e9rantes pour conna\u00eetre enfin la v\u00e9rit\u00e9 sur le sort encore inconnu de leurs proches&nbsp;et mettre fin \u00e0 toutes les formes d\u2019impunit\u00e9.<\/em><\/p>\n\n\n\n<p>Pour eux, <em>\u00ab&nbsp;l\u2019affaire de l\u2019enl\u00e8vement et de la disparition de Mehdi BEN BARKA appartient \u00e0 la fois \u00e0 l&rsquo;histoire du Maroc, \u00e0 celle du mouvement progressiste du Tiers-monde, mais aussi \u00e0 celle de la V<sup>\u00e8me<\/sup> R\u00e9publique fran\u00e7aise. Cette page ne pourra \u00eatre tourn\u00e9e que lorsque toute la v\u00e9rit\u00e9 sera connue, que les responsables auront \u00e9t\u00e9 identifi\u00e9s et que la justice aura \u00e9t\u00e9 prononc\u00e9e.&nbsp;\u00bb<\/em><\/p>\n\n\n\n<p>A part les soir\u00e9es inaugurales de Casablanca fin 2019 et \u00e0 Paris en janvier 2020, beaucoup d\u2019actions ont \u00e9t\u00e9 annul\u00e9es ou report\u00e9es du fait de la crise sanitaire. Des conf\u00e9rences num\u00e9riques ont pu \u00eatre tenues, comme celle de ce soir par exemple. Parall\u00e8lement aux collectifs, d\u2019autres projets et initiatives ont pu se concr\u00e9tiser comme une pr\u00e9sentation des livres de la biblioth\u00e8que personnelle de Mehdi \u00e0 Rotterdam, il y a un mois. Par contre, une exposition de portraits de Mehdi qui devait se tenir \u00e0 Nantes \u00e0 partir du lundi 2 novembre accompagn\u00e9e de conf\u00e9rence et de projection de film vient d\u2019\u00eatre annul\u00e9e par les nouvelles mesures de confinement. Nous ne perdons pas espoir de voir toutes ces actions se d\u00e9caler dans le temps pour s\u2019adapter \u00e0 la situation sanitaire.<\/p>\n\n\n\n<p>Chers amis,<\/p>\n\n\n\n<p>Avant de conclure, permettez-moi d\u2019avoir une pens\u00e9e \u00e0 la m\u00e9moire de Samuel Paty, sauvagement assassin\u00e9 par un fanatique criminel pour avoir men\u00e9 sa mission \u00e9ducative. La barbarie et l\u2019obscurantisme exprim\u00e9s il y a quinze jours et aujourd\u2019hui encore dans ces actes de terreur me blessent profond\u00e9ment en tant que citoyen. Je voudrais exprimer mon effroi, condamner ces crimes et adresser mes sinc\u00e8res condol\u00e9ances \u00e0 la famille des victimes.<\/p>\n\n\n\n<p>Depuis notre dernier rassemblement, beaucoup de nos proches, de nos ami(e)s, de nos camarades nous ont quitt\u00e9s.&nbsp;<\/p>\n\n\n\n<p>Tahar Jmyi, pendant longtemps refugi\u00e9 en Syrie, ce militant de la gauche marocaine et de la r\u00e9volution palestinienne a port\u00e9 haut les valeurs d\u2019humanisme, de solidarit\u00e9 et de fraternit\u00e9. Il nous laisse une \u0153uvre photographique reconnue internationalement.<\/p>\n\n\n\n<p>Tourya Joubrane \u00e9tait une grande figure du th\u00e9\u00e2tre et du cin\u00e9ma qui a marqu\u00e9 le paysage culturel marocain par son talent et sa personnalit\u00e9. Citoyenne et militante elle a \u00e9galement \u00e9t\u00e9 active dans le combat pour les droits humains. Alors qu\u2019elle \u00e9tait ministre de la Culture, elle avait permis, en octobre 2008, que se tienne dans de tr\u00e8s bonnes conditions l\u2019exposition-hommage \u00e0 Mehdi Ben Barka \u00e0 la galerie Bab El Kebir aux Oudayas.&nbsp;<\/p>\n\n\n\n<p>Abderrahmane El Moudden, universitaire, l\u2019un des fondateurs de l\u2019association marocaine de la recherche historique \u00e9tait le coordinateur du livre regroupant les publications universitaires de feu Othmane Bennani, proche collaborateur de Mehdi Ben Barka \u00e0 l\u2019OSPAA.<\/p>\n\n\n\n<p>Abdellatif El Fahli, ing\u00e9nieur agronome et militant syndicaliste avait fait ses \u00e9tudes universitaires au Caire. Depuis cette \u00e9poque, une profonde et sinc\u00e8re amiti\u00e9 de plus de cinquante ans s\u2019est nou\u00e9e entre nous.<\/p>\n\n\n\n<p>Toutes et tous ont contribu\u00e9 \u00e0 faire progresser le combat pour la libert\u00e9, la d\u00e9mocratie et la dignit\u00e9. Ils nous manqueront, mais leur m\u00e9moire restera toujours vivante.<\/p>\n\n\n\n<p>Bachir Ben Barka<\/p>\n\n\n\n<p>Paris le 29 octobre2020<\/p>\n","protected":false},"excerpt":{"rendered":"<p>29 OCTOBRE 2020 Chers amis, mesdames et messieurs Bienvenue \u00e0 toutes celles et \u00e0 tous ceux qui nous suivent dans ce live \u00e0 travers les r\u00e9seaux sociaux organis\u00e9 par le Collectif pour le centenaire de la naissance de Mehdi Ben Barka et qui ont r\u00e9pondu \u00e0 l\u2019appel du SNES-FSU et de l\u2019Institut Mehdi Ben Barka-M\u00e9moire [&hellip;]<\/p>\n","protected":false},"author":29,"featured_media":117829,"comment_status":"open","ping_status":"open","sticky":false,"template":"","format":"standard","meta":{"footnotes":""},"categories":[3],"tags":[],"_links":{"self":[{"href":"https:\/\/asdhom.org\/index.php?rest_route=\/wp\/v2\/posts\/116500"}],"collection":[{"href":"https:\/\/asdhom.org\/index.php?rest_route=\/wp\/v2\/posts"}],"about":[{"href":"https:\/\/asdhom.org\/index.php?rest_route=\/wp\/v2\/types\/post"}],"author":[{"embeddable":true,"href":"https:\/\/asdhom.org\/index.php?rest_route=\/wp\/v2\/users\/29"}],"replies":[{"embeddable":true,"href":"https:\/\/asdhom.org\/index.php?rest_route=%2Fwp%2Fv2%2Fcomments&post=116500"}],"version-history":[{"count":1,"href":"https:\/\/asdhom.org\/index.php?rest_route=\/wp\/v2\/posts\/116500\/revisions"}],"predecessor-version":[{"id":116501,"href":"https:\/\/asdhom.org\/index.php?rest_route=\/wp\/v2\/posts\/116500\/revisions\/116501"}],"wp:featuredmedia":[{"embeddable":true,"href":"https:\/\/asdhom.org\/index.php?rest_route=\/wp\/v2\/media\/117829"}],"wp:attachment":[{"href":"https:\/\/asdhom.org\/index.php?rest_route=%2Fwp%2Fv2%2Fmedia&parent=116500"}],"wp:term":[{"taxonomy":"category","embeddable":true,"href":"https:\/\/asdhom.org\/index.php?rest_route=%2Fwp%2Fv2%2Fcategories&post=116500"},{"taxonomy":"post_tag","embeddable":true,"href":"https:\/\/asdhom.org\/index.php?rest_route=%2Fwp%2Fv2%2Ftags&post=116500"}],"curies":[{"name":"wp","href":"https:\/\/api.w.org\/{rel}","templated":true}]}}