{"id":125841,"date":"2022-10-17T18:47:00","date_gmt":"2022-10-17T16:47:00","guid":{"rendered":"https:\/\/asdhom.org\/?p=125841"},"modified":"2023-01-17T18:59:55","modified_gmt":"2023-01-17T17:59:55","slug":"le-groupe-onusien-de-travail-sur-la-detention-arbitraire-demande-la-liberation-immediate-de-soulaiman-raissouni-journaliste-marocain-arbitrairement-condamne-a-5-ans-de-prison","status":"publish","type":"post","link":"https:\/\/asdhom.org\/?p=125841","title":{"rendered":"<strong>Le groupe onusien de travail sur la d\u00e9tention arbitraire demande la lib\u00e9ration imm\u00e9diate de Soulaiman Raissouni, journaliste marocain arbitrairement condamn\u00e9 \u00e0 5 ans de prison<\/strong>"},"content":{"rendered":"\n<p><\/p>\n\n\n\n<p>Dans sa quatre-vingt-treizi\u00e8me session, tenue du 30 mars au 8 avril 2022, le groupe onusien de travail sur la d\u00e9tention arbitraire a adopt\u00e9 des avis concernant l\u2019arrestation, la d\u00e9tention et le jugement du journaliste et d\u00e9fenseur des droits humains Soulaiman Raissouni. Ce dernier, rappelons-le, a \u00e9t\u00e9 arr\u00eat\u00e9 le 22 mai 2020 par les autorit\u00e9s marocaines dans des conditions scandaleuses et a \u00e9t\u00e9 condamn\u00e9 \u00e0 5 ans de prison ferme apr\u00e8s un proc\u00e8s in\u00e9quitable o\u00f9 ses droits n\u2019ont pas \u00e9t\u00e9 garantis. Les d\u00e9fenseur.e.s des droits humains, tant au niveau national qu\u2019au niveau international, auxquels s\u2019est joint le Comit\u00e9 France de soutien, n\u2019ont eu de cesse de d\u00e9noncer les conditions de son arrestation,&nbsp; de sa d\u00e9tention et de son proc\u00e8s, qu\u2019ils consid\u00e8rent arbitraires et portant atteinte \u00e0 la libert\u00e9 d\u2019opinion. Plusieurs actions ont \u00e9t\u00e9 entreprises dans ce sens, notamment des interpellations des autorit\u00e9s marocaines et des instances internationales dont cette saisine du groupe de travail sur la d\u00e9tention arbitraire.<\/p>\n\n\n\n<p>Au moment o\u00f9 le Comit\u00e9 France de soutien pr\u00e9parait une lettre ouverte \u00e0 l\u2019adresse de M. Mohamed Salah Tamek, d\u00e9l\u00e9gu\u00e9 g\u00e9n\u00e9ral de l\u2019administration p\u00e9nitentiaire, et dont une copie est \u00e9galement adress\u00e9e au ministre de la Justice et au directeur de la prison Ain Borja, pour d\u00e9noncer les conditions de d\u00e9tention faites \u00e0 Soulaiman Raissouni apr\u00e8s son transfert \u00e0 la prison de Ain Borja le conduisant \u00e0 entamer une gr\u00e8ve de communication (refus de promenade, refus de visite, etc.), nous apprenons avec satisfaction l\u2019avis le concernant envoy\u00e9 aux autorit\u00e9s marocaines par le groupe onusien de travail sur la d\u00e9tention arbitraire (voir le texte dans son int\u00e9gralit\u00e9 &nbsp; <a href=\"https:\/\/www.ohchr.org\/en\/special-procedures\/wg-arbitrary-detention\/opinions-adopted-working-group-arbitrary-detention\/opinions-adopted-working-group-arbitrary-detention-its-93rd-session\">https:\/\/www.ohchr.org\/en\/special-procedures\/wg-arbitrary-detention\/opinions-adopted-working-group-arbitrary-detention\/opinions-adopted-working-group-arbitrary-detention-its-93rd-session<\/a> )<\/p>\n\n\n\n<p>Le groupe de travail sur la d\u00e9tention arbitraire, apr\u00e8s avoir analys\u00e9 en d\u00e9tail la saisine dont il a fait l\u2019objet et les r\u00e9ponses apport\u00e9es par le gouvernement marocain \u00e0 son premier rapport, consid\u00e8re que Soulaiman Raissouni a \u00e9t\u00e9 arr\u00eat\u00e9, d\u00e9tenu et jug\u00e9 de fa\u00e7on arbitraire pour ses opinions exprim\u00e9es dans ses \u00e9ditoriaux et articles de presse, <s>qui<\/s> alors que les droits d\u2019opinion et d\u2019expression sont garantis par les textes internationaux adopt\u00e9s par le Maroc, notamment le Pacte international relatif aux droits civils et politiques.<\/p>\n\n\n\n<p>C\u2019est pourquoi il demande sa lib\u00e9ration imm\u00e9diate, son indemnisation, une enqu\u00eate sur les circonstances de sa privation arbitraire et des poursuites contre les responsables de cette violation.<\/p>\n\n\n\n<p>Au vu des \u00e9l\u00e9ments du dossier, le groupe de travail a, \u00e0 son tour, saisi les Rapporteuses, rapporteurs, experts et expertes onusien.nes en mati\u00e8re de promotion et protection du droit \u00e0 la libert\u00e9\u0301 d\u2019opinion et d\u2019expression ; d\u2019ind\u00e9pendance des juges et des avocats&nbsp;; de droit qu\u2019a toute personne de jouir du meilleur \u00e9tat de sant\u00e9 physique et mentale possible&nbsp;; de torture et autres peines ou traitements cruels, inhumains ou d\u00e9gradants&nbsp;; de droit \u00e0 la vie priv\u00e9e&nbsp;; de protection contre la violence et la discrimination li\u00e9es \u00e0 l\u2019orientation sexuelle et \u00e0 l\u2019identit\u00e9\u0301 de genre, pour qu\u2019ils prennent les mesures qui s\u2019imposent.<\/p>\n\n\n\n<p>Cet avis pris par un tel organisme nous conforte dans le combat que nous menons pour la justice, la promotion et le respect des droits humains et en faveur de la lib\u00e9ration des journalistes emprisonn\u00e9s au Maroc et notamment Soulaiman Raissouni et Omar Radi.<\/p>\n\n\n\n<p>Nous osons esp\u00e9rer que l\u2019\u00c9tat marocain acc\u00e8de \u00e0 la requ\u00eate du groupe onusien et nous suivrons attentivement les travaux de la 41\u00e8me session du Conseil des droits humains, dont rel\u00e8ve le groupe de travail sur la d\u00e9tention arbitraire, et qui se r\u00e9unit \u00e0 Gen\u00e8ve du 7 au 18 novembre 2022. Le gouvernement marocain y est attendu pour pr\u00e9senter son rapport officiel dans le cadre de l\u2019examen p\u00e9riodique universel (EPU-UPR).<\/p>\n\n\n\n<p>Nous continuons \u00e0 consid\u00e9rer que, seule la lib\u00e9ration imm\u00e9diate de Soulaiman Raissouni et de tous les prisonniers politiques et d\u2019opinion au Maroc, est la r\u00e9ponse la mieux indiqu\u00e9e que peut apporter le gouvernement marocain aux recommandations du groupe de travail de l\u2019ONU sur la d\u00e9tention arbitraire.<\/p>\n\n\n\n<p>Paris, le 17 octobre 2022<\/p>\n\n\n\n<p>Comit\u00e9&nbsp;France de soutien \u00e0 l\u2019historien Maati Monjib et \u00e0 tous les d\u00e9tenus politiques et d\u2019opinion au Maroc<\/p>\n\n\n\n<p>Contact&nbsp;: soutienmaatimonjib@gmail.com<\/p>\n","protected":false},"excerpt":{"rendered":"<p>Dans sa quatre-vingt-treizi\u00e8me session, tenue du 30 mars au 8 avril 2022, le groupe onusien de travail sur la d\u00e9tention arbitraire a adopt\u00e9 des avis concernant l\u2019arrestation, la d\u00e9tention et le jugement du journaliste et d\u00e9fenseur des droits humains Soulaiman Raissouni. Ce dernier, rappelons-le, a \u00e9t\u00e9 arr\u00eat\u00e9 le 22 mai 2020 par les autorit\u00e9s marocaines [&hellip;]<\/p>\n","protected":false},"author":29,"featured_media":125842,"comment_status":"open","ping_status":"open","sticky":false,"template":"","format":"standard","meta":{"footnotes":""},"categories":[3],"tags":[],"_links":{"self":[{"href":"https:\/\/asdhom.org\/index.php?rest_route=\/wp\/v2\/posts\/125841"}],"collection":[{"href":"https:\/\/asdhom.org\/index.php?rest_route=\/wp\/v2\/posts"}],"about":[{"href":"https:\/\/asdhom.org\/index.php?rest_route=\/wp\/v2\/types\/post"}],"author":[{"embeddable":true,"href":"https:\/\/asdhom.org\/index.php?rest_route=\/wp\/v2\/users\/29"}],"replies":[{"embeddable":true,"href":"https:\/\/asdhom.org\/index.php?rest_route=%2Fwp%2Fv2%2Fcomments&post=125841"}],"version-history":[{"count":1,"href":"https:\/\/asdhom.org\/index.php?rest_route=\/wp\/v2\/posts\/125841\/revisions"}],"predecessor-version":[{"id":125844,"href":"https:\/\/asdhom.org\/index.php?rest_route=\/wp\/v2\/posts\/125841\/revisions\/125844"}],"wp:featuredmedia":[{"embeddable":true,"href":"https:\/\/asdhom.org\/index.php?rest_route=\/wp\/v2\/media\/125842"}],"wp:attachment":[{"href":"https:\/\/asdhom.org\/index.php?rest_route=%2Fwp%2Fv2%2Fmedia&parent=125841"}],"wp:term":[{"taxonomy":"category","embeddable":true,"href":"https:\/\/asdhom.org\/index.php?rest_route=%2Fwp%2Fv2%2Fcategories&post=125841"},{"taxonomy":"post_tag","embeddable":true,"href":"https:\/\/asdhom.org\/index.php?rest_route=%2Fwp%2Fv2%2Ftags&post=125841"}],"curies":[{"name":"wp","href":"https:\/\/api.w.org\/{rel}","templated":true}]}}