{"id":125922,"date":"2023-05-26T18:44:00","date_gmt":"2023-05-26T16:44:00","guid":{"rendered":"https:\/\/asdhom.org\/?p=125922"},"modified":"2023-12-01T20:21:06","modified_gmt":"2023-12-01T19:21:06","slug":"communique-du-c-a-du-26-mai-2023","status":"publish","type":"post","link":"https:\/\/asdhom.org\/?p=125922","title":{"rendered":"COMMUNIQU\u00c9 DU C.A DU 26 MAI 2023"},"content":{"rendered":"\n<blockquote class=\"wp-block-quote is-layout-flow wp-block-quote-is-layout-flow\">\n<p><br>Le Conseil d&rsquo;Administration de l&rsquo;ASDHOM, r\u00e9uni le 26 mai 2023, aborde la situation des droits humains au Maroc, notamment la libert\u00e9 d&rsquo;expression, les d\u00e9tenus politiques, et soutient le Front Social Marocain contre la baisse du pouvoir d&rsquo;achat. Il d\u00e9nonce l&rsquo;indiff\u00e9rence du gouvernement aux revendications populaires, annonce l&rsquo;appel \u00e0 la protestation du 4 juin et condamne les violations des droits humains, la vengeance de l&rsquo;\u00c9tat sur les d\u00e9tenus politiques, dont les journalistes Bou\u00e2chrine, Radi, Raissouni, et le militant Nacer Zefzafi<\/p>\n<\/blockquote>\n\n\n\n<p><\/p>\n\n\n\n<p>Le Conseil d\u2019Administration de l\u2019ASDHOM a tenu sa r\u00e9union ordinaire le 26 mai 2023<\/p>\n\n\n\n<p>Il s\u2019est pench\u00e9 sur l\u2019\u00e9volution de la situation des droits humains au Maroc,<br>en premier lieu la libert\u00e9 d\u2019expression, la situation des d\u00e9tenus politiques et<br>d\u2019opinion, tout en soutenant les initiatives du Front Social Marocain contre la<br>baisse drastique du pouvoir d\u2019achat au Maroc. Le gouvernement marocain reste<br>sourd aux revendications populaires. Cette situation dont est victime une grande<br>partie de la population marocaine explique l\u2019appel \u00e0 la protestation du 4 juin<br>prochain.<br>Par ailleurs, et malgr\u00e9 les alertes et rappels des organisations des droits humains<br>et instances internationales sur les cas de violation des droits humains, l\u2019Etat<br>s&rsquo;obstine et se venge sur les d\u00e9tenus politiques et journalistes injustement<br>condamn\u00e9s. Il durcit ainsi les conditions de leur d\u00e9tention en bafouant des<br>droits, pourtant acquis, aux soins. C\u2019est le calvaire que vivent les journalistes<br>Toufik Bou\u00e2chrine, Omar Radi, Soulaiman Raissouni, et, r\u00e9cemment le militant<br>du Hirak du Rif Nacer Zefzafi qui entame une gr\u00e8ve de la faim contre le refus de<br>l\u2019administration p\u00e9nitentiaire de r\u00e9ceptionner les journaux.<br>La vengeance de l\u2019\u00c9tat n\u2019a pas de limite. Il s&rsquo;attaque \u00e0 toutes les voix<br>discordantes, faisant fi de ses engagements internationaux.<br>La blogueuse Saida Alami, emprisonn\u00e9e actuellement, a \u00e9t\u00e9 condamn\u00e9e au<br>tribunal de 1ere instance de Sal\u00e9 \u00e0 une peine de deux ans de prison ferme pour<br>sa plaidoirie au proc\u00e8s la condamnant d\u00e9j\u00e0 de 3 ans ferme, pour outrage envers<br>un corp constitu\u00e9.<br>\u00c0 cela s&rsquo;ajoutent malheureusement la confirmation de la condamnation du<br>B\u00e2tonnier Mohamed Ziane, la condamnation du journaliste et militant des<br>humains Rabii Al Ablak \u00e0 4 ans de prison ferme, la condamnation de Mohamed<br>Lachkham \u00e0 2 ans de prison ferme, ainsi que l\u2019arrestation en f\u00e9vrier 2023 du<br>militant maroco-belge Ahmed Bourtkiz (arr\u00eat\u00e9 \u00e0 l\u2019a\u00e9roport El Aroui \u00e0 son retour<br>au Maroc en visite \u00e0 sa m\u00e8re malade) et sa condamnation lors d\u2019un proc\u00e8s<br>exp\u00e9ditif \u00e0 4 ans de prison pour son soutien au Hirak du Rif.<br>Plus que jamais, le Conseil d\u2019Administration de l\u2019ASDHOM, qui a toujours appel\u00e9<br>\u00e0 unir toutes les forces militantes :<\/p>\n\n\n\n<ul>\n<li>r\u00e9it\u00e8re son soutien aux journalistes Toufik Bou\u00e2chrine, Soulaiman Raissouni et<br>Omar Radi et d\u00e9nonce avec force les intimidations, humiliations dont ils sont<br>victimes.<\/li>\n\n\n\n<li>R\u00e9affirme son soutien \u00e0 Nacer Zefzafi qui est pouss\u00e9 \u00e0 mettre sa vie en danger<br>pour son droit le plus absolu \u00e0 l\u2019information.<\/li>\n\n\n\n<li>Rend responsable l\u2019Etat au Maroc et le met devant ses responsabilit\u00e9s face \u00e0 la<br>d\u00e9gradation de la sant\u00e9 des prisonniers politiques et de faire respecter les<br>droits inali\u00e9nables des prisonniers politiques et prisonniers d\u2019opinion.<\/li>\n\n\n\n<li>Se f\u00e9licite de la cr\u00e9ation de la Coordination europ\u00e9enne de soutien aux<br>prisonniers politiques et d\u2019opinion au Maroc pour \u0153uvrer contre les exactions<br>dont ils souffrent<\/li>\n<\/ul>\n\n\n\n<p><\/p>\n\n\n\n<p>CA- ASDHOM<br>Paris, le 26 mai 2023<\/p>\n","protected":false},"excerpt":{"rendered":"<p>Le Conseil d&rsquo;Administration de l&rsquo;ASDHOM, r\u00e9uni le 26 mai 2023, aborde la situation des droits humains au Maroc, notamment la libert\u00e9 d&rsquo;expression, les d\u00e9tenus politiques, et soutient le Front Social Marocain contre la baisse du pouvoir d&rsquo;achat. Il d\u00e9nonce l&rsquo;indiff\u00e9rence du gouvernement aux revendications populaires, annonce l&rsquo;appel \u00e0 la protestation du 4 juin et condamne [&hellip;]<\/p>\n","protected":false},"author":29,"featured_media":125926,"comment_status":"open","ping_status":"open","sticky":false,"template":"","format":"standard","meta":{"footnotes":""},"categories":[5],"tags":[2818,2822,2824,2823,2825],"_links":{"self":[{"href":"https:\/\/asdhom.org\/index.php?rest_route=\/wp\/v2\/posts\/125922"}],"collection":[{"href":"https:\/\/asdhom.org\/index.php?rest_route=\/wp\/v2\/posts"}],"about":[{"href":"https:\/\/asdhom.org\/index.php?rest_route=\/wp\/v2\/types\/post"}],"author":[{"embeddable":true,"href":"https:\/\/asdhom.org\/index.php?rest_route=\/wp\/v2\/users\/29"}],"replies":[{"embeddable":true,"href":"https:\/\/asdhom.org\/index.php?rest_route=%2Fwp%2Fv2%2Fcomments&post=125922"}],"version-history":[{"count":3,"href":"https:\/\/asdhom.org\/index.php?rest_route=\/wp\/v2\/posts\/125922\/revisions"}],"predecessor-version":[{"id":125937,"href":"https:\/\/asdhom.org\/index.php?rest_route=\/wp\/v2\/posts\/125922\/revisions\/125937"}],"wp:featuredmedia":[{"embeddable":true,"href":"https:\/\/asdhom.org\/index.php?rest_route=\/wp\/v2\/media\/125926"}],"wp:attachment":[{"href":"https:\/\/asdhom.org\/index.php?rest_route=%2Fwp%2Fv2%2Fmedia&parent=125922"}],"wp:term":[{"taxonomy":"category","embeddable":true,"href":"https:\/\/asdhom.org\/index.php?rest_route=%2Fwp%2Fv2%2Fcategories&post=125922"},{"taxonomy":"post_tag","embeddable":true,"href":"https:\/\/asdhom.org\/index.php?rest_route=%2Fwp%2Fv2%2Ftags&post=125922"}],"curies":[{"name":"wp","href":"https:\/\/api.w.org\/{rel}","templated":true}]}}