{"id":125933,"date":"2023-06-15T19:14:00","date_gmt":"2023-06-15T17:14:00","guid":{"rendered":"https:\/\/asdhom.org\/?p=125933"},"modified":"2023-12-01T20:20:42","modified_gmt":"2023-12-01T19:20:42","slug":"communique-du-c-a-du-15-juin-2023","status":"publish","type":"post","link":"https:\/\/asdhom.org\/?p=125933","title":{"rendered":"Communiqu\u00e9 du C.A. du 15 juin 2023"},"content":{"rendered":"\n<blockquote class=\"wp-block-quote is-layout-flow wp-block-quote-is-layout-flow\">\n<p>Le bureau de l&rsquo;ASDHOM, r\u00e9uni le 15 juin 2023, aborde la disparition d&rsquo;Elhaj Abdelkader, figure de la r\u00e9sistance nationale, et la situation pr\u00e9occupante des droits humains au Maroc. Malgr\u00e9 les nombreuses recommandations du Conseil onusien des droits humains, les atteintes aux libert\u00e9s et droits des d\u00e9tenus journalistes et d&rsquo;opinion persistent. Le bureau d\u00e9nonce la d\u00e9gradation de la sant\u00e9 de Taoufik Bouachrine, le harc\u00e8lement d&rsquo;Omar Radi, les entraves \u00e0 la libert\u00e9 d&rsquo;expression de Soulaiman Raissouni, les pers\u00e9cutions de Ma\u00e2ti Mounjib, Mohamed Ziyane, Saida Al-Alami, Mohamed Araab Baasou, et les diffamations contre les familles Raissouni, Bouachrine, Radi.<\/p>\n<\/blockquote>\n\n\n\n<p><\/p>\n\n\n\n<p>Le bureau de l\u2019ASDHOM s\u2019est r\u00e9uni en session ordinaire le jeudi 15 juin 2023<br>dans un contexte marqu\u00e9 par la disparition d\u2019Elhaj Abdelkader, un homme int\u00e8gre et de valeurs, issu de la r\u00e9sistance nationale, et p\u00e8re du martyr Abdellatif ZEROUAL, mort sous la torture, et dont la disparition de son corps \u00e0 ce jour nous interpelle pour exiger toute la v\u00e9rit\u00e9 sur les disparitions forc\u00e9es et pour poursuivre la lutte contre l\u2019impunit\u00e9.<br><\/p>\n\n\n\n<p>Le bureau s\u2019est pench\u00e9 \u00e9galement sur la situation inqui\u00e9tante des droits humains au Maroc ces derni\u00e8res semaines. En t\u00e9moignent le nombre de recommandations du Conseil onusien des droits humains qui est pass\u00e9 de 13 en 2008 \u00e0 150 en<br>2012 pour atteindre 306 recommandations dans son rapport p\u00e9riodique universel pr\u00e9sent\u00e9 en novembre dernier.<br>Malgr\u00e9 ce constat, les atteintes aux libert\u00e9s et aux droits \u00e9l\u00e9mentaires des d\u00e9tenus journalistes et d\u2019opinion se sont multipli\u00e9es. \u00ab L\u2019Instance Nationale de Soutien aux Prisonniers d\u2019opinion et aux victimes des Violations de la Libert\u00e9<br>d\u2019Expression au Maroc \u00bb atteste r\u00e9cemment de nombreux cas de l\u2019acharnement d\u00e9mentiel de l\u2019Etat sur les d\u00e9tenus.<\/p>\n\n\n\n<p><br>La d\u00e9gradation de l&rsquo;\u00e9tat de sant\u00e9 du journaliste Taoufik Bouachrine, condamn\u00e9 \u00e0 15 ans de prison ferme. Condamnation que l\u2019ONU a reconnue comme arbitraire. Les autorit\u00e9s p\u00e9nitentiaires persistent \u00e0 l\u2019humilier en l&rsquo;obligeant \u00e0 se<br>rendre aux visites m\u00e9dicales, menott\u00e9s et en tenue de prisonnier. \u00c0 cela s&rsquo;ajoutent les convocations r\u00e9p\u00e9t\u00e9es de son \u00e9pouse, Asmae Moussaoui, par la Brigade nationale de la police judiciaire de Rabat et la confiscation de son passeport afin de l&#8217;emp\u00eacher d&rsquo;assister \u00e0 des manifestations de d\u00e9fense des droits humains en soutien \u00e0 son \u00e9poux \u00e0 l&rsquo;\u00e9tranger.<\/p>\n\n\n\n<ul>\n<li>Le harc\u00e8lement constant du journaliste Omar Radi \u00e0 l&rsquo;int\u00e9rieur de la prison, menac\u00e9 de privation de t\u00e9l\u00e9phone avec ses parents. Ses \u00e9crits ont \u00e9t\u00e9 confisqu\u00e9s et il a \u00e9t\u00e9 emp\u00each\u00e9 d&rsquo;\u00e9crire.<\/li>\n<\/ul>\n\n\n\n<ul>\n<li>L&rsquo;absence de r\u00e9ponse des autorit\u00e9s marocaines au rapporteur de l&rsquo;ONU sur la d\u00e9tention arbitraire, qui a recommand\u00e9 la lib\u00e9ration du journaliste Soulaiman Raissouni et son indemnisation des ann\u00e9es d&#8217;emprisonnement, en tant que prisonnier d&rsquo;opinion. En contrepartie, l&rsquo;administration p\u00e9nitentiaire a confisqu\u00e9 son projet de roman et l&#8217;emp\u00eache de le r\u00e9diger. Son dossier aupr\u00e8s de la Cour de cassation n\u2019a cess\u00e9 de subir du retard. Sa premi\u00e8re session aura lieu ce 24 juin 2023.<\/li>\n\n\n\n<li>Poursuite du harc\u00e8lement de l&rsquo;historien Ma\u00e2ti Mounjib : Alors qu\u2019il \u00e9tait en prison, il a \u00e9t\u00e9 condamn\u00e9 par contumace \u00e0 un an de prison sans que, ni lui, ni son avocat ne soient inform\u00e9s. Son compte bancaire et tous ses biens sont gel\u00e9s. Il<br>est interdit sans jugement de voyager \u00e0 l&rsquo;\u00e9tranger et suspendu de son travail de professeur d&rsquo;universit\u00e9.<\/li>\n\n\n\n<li>Emp\u00eacher le b\u00e2tonnier Mohamed Ziyane de communiquer avec son avocat au motif que ce dernier a refus\u00e9 de divulguer le motif de sa visite, ce qui est contraire \u00e0 tous les principes et fondements juridiques entre un avocat et son<br>client.<\/li>\n\n\n\n<li>D\u00e9j\u00e0 condamn\u00e9e \u00e0 3 ans de prison pour ses opinions, la bloggeuse Saida Al-Alami a \u00e9t\u00e9 condamn\u00e9e dans un 2\u00e8me proc\u00e8s \u00e0 deux ans ferme, pour avoir affirm\u00e9 devant les tribunaux son droit \u00e0 s&rsquo;exprimer.<\/li>\n\n\n\n<li>Les nombreuses irr\u00e9gularit\u00e9s qui ont entach\u00e9 la proc\u00e9dure qui a frapp\u00e9 le Dr Mohamed Araab Baasou depuis son arrestation, en passant par les mesures de sa garde \u00e0 vue et de sa d\u00e9tention pr\u00e9ventive ainsi que sa poursuite dans le cadre de la loi sur la traite des \u00eatres humains, et se terminant par son proc\u00e8s o\u00f9 il a \u00e9cop\u00e9 d\u2019une peine injuste d&rsquo;un an de prison ferme ,d&rsquo;une amende de 5 000 dirhams et de 60 000 dirhams \u00e0 titre de d\u00e9dommagement, et ce, malgr\u00e9 l\u2019abandon par le tribunal de l\u2019accusation \u00ab traite d\u2019\u00eatres humains \u00bb.<\/li>\n\n\n\n<li>L\u2019utilisation r\u00e9p\u00e9t\u00e9e des sites proches des services s\u00e9curitaires pour diffamer, d\u00e9nigrer et salir les familles Raissouni, Bouachrine, Radi\u2026<br><br><br><br>Le bureau de l\u2019ASDHOM :<\/li>\n<\/ul>\n\n\n\n<p><\/p>\n\n\n\n<ul>\n<li>D\u00e9nonce avec force ces exactions et brimades dont sont victimes les prisonniers politiques et d\u2019opinion ainsi que leurs familles<\/li>\n\n\n\n<li>F\u00e9licite chaleureusement le militant Noureddine Alouaje et tous ses proches, pour sa lib\u00e9ration ainsi que le syndicaliste Smail Amrar<\/li>\n\n\n\n<li>Exige la lib\u00e9ration de tous les d\u00e9tenus politiques, prisonniers d&rsquo;opinion et le respect de la libert\u00e9 d&rsquo;expression dans le cadre des normes internationales et les conventions sign\u00e9es et ratifi\u00e9es par le Maroc<\/li>\n\n\n\n<li>Vous appelle \u00e0 participer \u00e0 la Conf\u00e9rence co-organis\u00e9e avec les Comit\u00e9s d\u2019Europe pour la Lib\u00e9ration des d\u00e9tenus politiques et d\u2019opinion<\/li>\n<\/ul>\n","protected":false},"excerpt":{"rendered":"<p>Le bureau de l&rsquo;ASDHOM, r\u00e9uni le 15 juin 2023, aborde la disparition d&rsquo;Elhaj Abdelkader, figure de la r\u00e9sistance nationale, et la situation pr\u00e9occupante des droits humains au Maroc. Malgr\u00e9 les nombreuses recommandations du Conseil onusien des droits humains, les atteintes aux libert\u00e9s et droits des d\u00e9tenus journalistes et d&rsquo;opinion persistent. Le bureau d\u00e9nonce la d\u00e9gradation de la sant\u00e9 de Taoufik Bouachrine, le harc\u00e8lement d&rsquo;Omar Radi, les entraves \u00e0 la libert\u00e9 d&rsquo;expression de Soulaiman Raissouni, les pers\u00e9cutions de Ma\u00e2ti Mounjib, Mohamed Ziyane, Saida Al-Alami, Mohamed Araab Baasou, et les diffamations contre les familles Raissouni, Bouachrine, Radi.<\/p>\n","protected":false},"author":29,"featured_media":125813,"comment_status":"open","ping_status":"open","sticky":false,"template":"","format":"standard","meta":{"footnotes":""},"categories":[5],"tags":[],"_links":{"self":[{"href":"https:\/\/asdhom.org\/index.php?rest_route=\/wp\/v2\/posts\/125933"}],"collection":[{"href":"https:\/\/asdhom.org\/index.php?rest_route=\/wp\/v2\/posts"}],"about":[{"href":"https:\/\/asdhom.org\/index.php?rest_route=\/wp\/v2\/types\/post"}],"author":[{"embeddable":true,"href":"https:\/\/asdhom.org\/index.php?rest_route=\/wp\/v2\/users\/29"}],"replies":[{"embeddable":true,"href":"https:\/\/asdhom.org\/index.php?rest_route=%2Fwp%2Fv2%2Fcomments&post=125933"}],"version-history":[{"count":2,"href":"https:\/\/asdhom.org\/index.php?rest_route=\/wp\/v2\/posts\/125933\/revisions"}],"predecessor-version":[{"id":125936,"href":"https:\/\/asdhom.org\/index.php?rest_route=\/wp\/v2\/posts\/125933\/revisions\/125936"}],"wp:featuredmedia":[{"embeddable":true,"href":"https:\/\/asdhom.org\/index.php?rest_route=\/wp\/v2\/media\/125813"}],"wp:attachment":[{"href":"https:\/\/asdhom.org\/index.php?rest_route=%2Fwp%2Fv2%2Fmedia&parent=125933"}],"wp:term":[{"taxonomy":"category","embeddable":true,"href":"https:\/\/asdhom.org\/index.php?rest_route=%2Fwp%2Fv2%2Fcategories&post=125933"},{"taxonomy":"post_tag","embeddable":true,"href":"https:\/\/asdhom.org\/index.php?rest_route=%2Fwp%2Fv2%2Ftags&post=125933"}],"curies":[{"name":"wp","href":"https:\/\/api.w.org\/{rel}","templated":true}]}}