{"id":125997,"date":"2025-07-08T15:40:18","date_gmt":"2025-07-08T13:40:18","guid":{"rendered":"https:\/\/asdhom.org\/?p=125997"},"modified":"2025-07-08T16:04:15","modified_gmt":"2025-07-08T14:04:15","slug":"communique-de-la-coordination-associative-en-europe-pour-les-droits-humains-au-maroc-concernant-larrestation-de-la-militante-et-blogueuse-saida-alami","status":"publish","type":"post","link":"https:\/\/asdhom.org\/?p=125997","title":{"rendered":"Communiqu\u00e9 de la Coordination associative en Europe pour les droits humains au Maroc concernant l&rsquo;arrestation de la militante et blogueuse Sa\u00efda Alami"},"content":{"rendered":"\n<p><strong>Coordination associative en Europe pour les droits humains au Maroc<\/strong><\/p>\n\n\n\n<p>Arrestation au Maroc de la militante et blogueuse Sa\u00efda Alami<\/p>\n\n\n\n<p><br>Moins d\u2019un an apr\u00e8s sa lib\u00e9ration, la blogueuse et militante Sa\u00efda Alami s\u2019est faite enlev\u00e9e par des hommes en civil et conduite dans les locaux de la police judiciaire de Ain Sbaa \u00e0 Casablanca. Selon sa famille, qui a appris la mauvaise nouvelle, Sa\u00efda Alami va \u00eatre pr\u00e9sent\u00e9e devant le procureur.&nbsp; Les chefs d\u2019accusation et le fondement juridique de son arrestation restent inconnus, mais ceux qui suivent l\u2019actualit\u00e9 marocaine sont convaincus que cette arrestation est, une fois de plus, li\u00e9e \u00e0 ses publications qui pointent la mauvaise administration du pays.<\/p>\n\n\n\n<p>Cette arrestation, qui survient presque 24 heures apr\u00e8s la confirmation par la Cour d\u2019appel de Rabat de la condamnation du journaliste Hamid El Mehdaoui \u00e0 18 mois de prison ferme et 150 000 euros d\u2019amende, s\u2019inscrit dans la continuit\u00e9 de la r\u00e9pression au Maroc.<\/p>\n\n\n\n<p>Les jeunes militants du&nbsp; Hirak du Rif croupissent toujours dans les ge\u00f4les marocaines. Le b\u00e2tonnier Me Mohamed Ziane est toujours tra\u00een\u00e9 devant les tribunaux malgr\u00e9 sa longue d\u00e9tention, sa sant\u00e9 et son \u00e2ge avanc\u00e9 (83 ans). Le blogueur Radouane Qastit, lui, a \u00e9cop\u00e9 de deux ans de prison ferme pour ses posts d\u00e9non\u00e7ant le g\u00e9nocide \u00e0 Gaza. Quant aux deux fr\u00e8res Chabli, ils ont \u00e9t\u00e9 arr\u00eat\u00e9s pour avoir r\u00e9clam\u00e9 justice pour leur fr\u00e8re Yassine Chabli, mort sous la torture dans un commissariat. Leur m\u00e8re, \u00e9plor\u00e9e, continue de se battre en&nbsp; endurant la douleur de perdre trois fils. Et que dire de&nbsp; l\u2019interdiction faite \u00e0 l\u2019historien et militant des droits humains Ma\u00e2ti Monjib de quitter le territoire national pour honorer des invitations \u00e0 des conf\u00e9rences \u00e0 l\u2019\u00e9tranger et du proc\u00e8s intent\u00e9 au d\u00e9fenseur des droits humains Fouad Abdelmoumni\u2026La liste est longue&nbsp;!<\/p>\n\n\n\n<p>L\u2019arrestation de la militante Saida Alami d\u00e9montre une fois de plus la volont\u00e9 du pouvoir marocain d\u2019instrumentaliser le pouvoir judiciaire pour s\u2019attaquer \u00e0 la libert\u00e9 d\u2019opinion et d\u2019expression.<\/p>\n\n\n\n<p>Sa lib\u00e9ration en juillet 2024, en compagnie des journalistes Taoufik Bouachrine,&nbsp; Soulaiman Raissouni et Omar Radi, a suscit\u00e9 une certaine lueur d&rsquo;espoir de voir tous les autres prisonniers politiques&nbsp; et d\u2019opinion libres un jour. Cet espoir s\u2019est vite dissip\u00e9 et la r\u00e9pression contre la libert\u00e9 d\u2019opinion a repris son cours. Elle se poursuit toujours contre toutes les&nbsp; voix qui d\u00e9noncent les politiques socio-\u00e9conomiques men\u00e9es par le pouvoir marocain depuis des ann\u00e9es, et la normalisation du Maroc avec l\u2019entit\u00e9 sioniste g\u00e9nocidaire du peuple palestinien.&nbsp;<\/p>\n\n\n\n<p>La coordination associative en Europe pour les droits humains au Maroc&nbsp;:<\/p>\n\n\n\n<p>&#8211; exige la lib\u00e9ration de Sa\u00efda Alami, l\u2019arr\u00eat de tout harc\u00e8lement dont elle est victime depuis sa lib\u00e9ration en 2024 et la lib\u00e9ration de tous les prisonniers politiques et d\u2019opinion au Maroc<\/p>\n\n\n\n<p>&#8211; appelle \u00e0 la solidarit\u00e9 internationale pour exiger de l\u2019\u00c9tat marocain d\u2019adh\u00e9rer pleinement aux principes de l\u2019\u00c9tat de droit et de se conformer \u00e0 ses engagements internationaux<\/p>\n\n\n\n<p>Jeudi, 3 juillet 2025<\/p>\n\n\n\n<p><strong>Coordination associative en Europe pour le respect des droits humains au Maroc<\/strong><\/p>\n\n\n\n<figure class=\"wp-block-table\"><table><tbody><tr><td>Association de d\u00e9fense des droits de l\u2019Homme au Maroc (ASDHOM) Association des Marocains en France (AMF) Association des parents et amis des disparus au Maroc (APADM) Association des Travailleurs Maghr\u00e9bins de France (ATMF) Association des travailleurs marocains aux Pays-Bas (KMAN) Centre euro-m\u00e9diterran\u00e9en pour la migration et le d\u00e9veloppement aux Pays-Bas (EMCEMO) Forum Marocain V\u00e9rit\u00e9 et Justice en France Association Marocaine des Droits Humains (Paris-IDF) Initiative Marocaine pour les Droits Humains aux Pays Bas Association Marocaine des Droits Humains (Section Belgique) Institut Mehdi Ben Barka, M\u00e9moire vivante &nbsp;<\/td><td>Coordination de Solidarit\u00e9 entre les peuples de la M\u00e9diterran\u00e9e, Espagne Coalition des Rifains en Europe Coordination Europ\u00e9enne du Forum des droits humains pour le nord du Maroc Comit\u00e9 (Belgique) pour la lib\u00e9ration des d\u00e9tenus politiques au Maroc Na\u2019oura GSBM, Belgique Comit\u00e9 de Soutien au Mouvement Rifain (CSMR), Paris &nbsp;<\/td><\/tr><\/tbody><\/table><\/figure>\n\n\n\n<p><strong>Soutenue par<\/strong><\/p>\n\n\n\n<figure class=\"wp-block-table\"><table><tbody><tr><td>F\u00e9d\u00e9ration de la Gauche D\u00e9mocratique (FGD) France<\/td><td>Voie d\u00e9mocratique travailliste (VDT) Europe Occidentale &nbsp;<\/td><td>Parti socialiste unifi\u00e9 (PSU) Europe &nbsp;<\/td><\/tr><\/tbody><\/table><\/figure>\n","protected":false},"excerpt":{"rendered":"<p>Coordination associative en Europe pour les droits humains au Maroc Arrestation au Maroc de la militante et blogueuse Sa\u00efda Alami Moins d\u2019un an apr\u00e8s sa lib\u00e9ration, la blogueuse et militante Sa\u00efda Alami s\u2019est faite enlev\u00e9e par des hommes en civil et conduite dans les locaux de la police judiciaire de Ain Sbaa \u00e0 Casablanca. Selon [&hellip;]<\/p>\n","protected":false},"author":29,"featured_media":116907,"comment_status":"open","ping_status":"open","sticky":false,"template":"","format":"standard","meta":{"footnotes":""},"categories":[5],"tags":[],"_links":{"self":[{"href":"https:\/\/asdhom.org\/index.php?rest_route=\/wp\/v2\/posts\/125997"}],"collection":[{"href":"https:\/\/asdhom.org\/index.php?rest_route=\/wp\/v2\/posts"}],"about":[{"href":"https:\/\/asdhom.org\/index.php?rest_route=\/wp\/v2\/types\/post"}],"author":[{"embeddable":true,"href":"https:\/\/asdhom.org\/index.php?rest_route=\/wp\/v2\/users\/29"}],"replies":[{"embeddable":true,"href":"https:\/\/asdhom.org\/index.php?rest_route=%2Fwp%2Fv2%2Fcomments&post=125997"}],"version-history":[{"count":1,"href":"https:\/\/asdhom.org\/index.php?rest_route=\/wp\/v2\/posts\/125997\/revisions"}],"predecessor-version":[{"id":125998,"href":"https:\/\/asdhom.org\/index.php?rest_route=\/wp\/v2\/posts\/125997\/revisions\/125998"}],"wp:featuredmedia":[{"embeddable":true,"href":"https:\/\/asdhom.org\/index.php?rest_route=\/wp\/v2\/media\/116907"}],"wp:attachment":[{"href":"https:\/\/asdhom.org\/index.php?rest_route=%2Fwp%2Fv2%2Fmedia&parent=125997"}],"wp:term":[{"taxonomy":"category","embeddable":true,"href":"https:\/\/asdhom.org\/index.php?rest_route=%2Fwp%2Fv2%2Fcategories&post=125997"},{"taxonomy":"post_tag","embeddable":true,"href":"https:\/\/asdhom.org\/index.php?rest_route=%2Fwp%2Fv2%2Ftags&post=125997"}],"curies":[{"name":"wp","href":"https:\/\/api.w.org\/{rel}","templated":true}]}}